{"id":2389,"date":"2025-04-18T16:27:53","date_gmt":"2025-04-18T08:27:53","guid":{"rendered":"https:\/\/oydisplay.com\/?p=2389"},"modified":"2025-04-18T16:31:29","modified_gmt":"2025-04-18T08:31:29","slug":"how-to-balance-cost-and-sustainability-in-coffee-packaging","status":"publish","type":"post","link":"https:\/\/oydisplay.com\/tr\/how-to-balance-cost-and-sustainability-in-coffee-packaging\/","title":{"rendered":"Kahve Paketlemede Maliyet ve S\u00fcrd\u00fcr\u00fclebilirli\u011fi Nas\u0131l Dengeleyebilirsiniz"},"content":{"rendered":"<h2 class=\"wp-block-heading\">1. Giri\u015f<\/h2>\n\n\n\n<h3 class=\"wp-block-heading\">S\u00fcrd\u00fcr\u00fclebilir Kahve Paketlemesine Artan Talep<\/h3>\n\n\n\n<p>Son y\u0131llarda, t\u00fcketici talebinde s\u00fcrd\u00fcr\u00fclebilirlik a\u00e7\u0131s\u0131ndan benzeri g\u00f6r\u00fclmemi\u015f seviyelere ula\u015fm\u0131\u015ft\u0131r. D\u00fcnyan\u0131n en \u00e7ok t\u00fcketilen i\u00e7eceklerinden biri olan kahve, daha \u00e7evre bilincine sahip \u00fcr\u00fcnlere ge\u00e7i\u015fte ka\u00e7\u0131n\u0131lmaz olarak odak noktas\u0131 haline gelmi\u015ftir. Paketleme at\u0131klar\u0131ndan karbon emisyonlar\u0131na kadar, kahve \u00fcretimi ve t\u00fcketiminin \u00e7evresel etkisi b\u00fcy\u00fckt\u00fcr. S\u00fcrd\u00fcr\u00fclebilirlik, modern t\u00fcketiciler i\u00e7in temel bir de\u011fer haline gelirken, markalar da paketleme y\u00f6ntemlerini buna g\u00f6re ayarlama bask\u0131s\u0131yla kar\u015f\u0131 kar\u015f\u0131yad\u0131r.<\/p>\n\n\n\n<p>Ancak, ge\u00e7i\u015fin kendi karma\u015f\u0131kl\u0131klar\u0131 yok de\u011fildir. \u0130\u015fletmeler, s\u00fcrd\u00fcr\u00fclebilir paketlemenin \u00e7evresel faydalar\u0131n\u0131 daha y\u00fcksek \u00fcretim maliyetleriyle dengeleme zorlu\u011fuyla kar\u015f\u0131la\u015fmaktad\u0131r. Bu dengeyi bulmak, sadece uzun vadeli ba\u015far\u0131 i\u00e7in de\u011fil, ayn\u0131 zamanda gezegenimizin do\u011fal kaynaklar\u0131n\u0131n korunmas\u0131 i\u00e7in de hayati \u00f6neme sahiptir.<\/p>\n\n\n\n<h3 class=\"wp-block-heading\">Maliyet ve \u00c7evresel Etkiyi Dengeleme Zorlu\u011fu<\/h3>\n\n\n\n<p>S\u00fcrd\u00fcr\u00fclebilir paketleme \u00e7\u00f6z\u00fcmlerine ula\u015fmak genellikle uzun vadeli \u00e7evresel etki ile anl\u0131k finansal uygunluk aras\u0131nda bir denge kurma \u00e7abas\u0131 olarak g\u00f6r\u00fcl\u00fcr. \u00c7evre dostu malzemeler genellikle daha y\u00fcksek ba\u015flang\u0131\u00e7 maliyetleriyle gelir, bu da k\u00fc\u00e7\u00fck ve orta \u00f6l\u00e7ekli kahve markalar\u0131 i\u00e7in \u00f6nemli bir engel olabilir. Ara\u015ft\u0131rma ve geli\u015ftirme gerektiren paketleme yenilikleri ise bu dengeyi daha da karma\u015f\u0131k hale getirir. Ancak, bu zorlu\u011fu ba\u015far\u0131yla a\u015fan markalar, giderek s\u00fcrd\u00fcr\u00fclebilir alternatifler arayan bir pazarda rekabet avantaj\u0131 elde etme \u015fans\u0131na sahiptir.<\/p>\n\n\n\n<figure class=\"wp-block-image size-full\"><img loading=\"lazy\" decoding=\"async\" width=\"800\" height=\"500\" src=\"https:\/\/oydisplay.com\/wp-content\/uploads\/2025\/04\/info-The-Importance-of-Sustainable-Coffee-Packaging.jpg\" alt=\"bilgi - S\u00fcrd\u00fcr\u00fclebilir Kahve Ambalaj\u0131n\u0131n \u00d6nemi\" class=\"wp-image-2396\" title=\"\" srcset=\"https:\/\/oydisplay.com\/wp-content\/uploads\/2025\/04\/info-The-Importance-of-Sustainable-Coffee-Packaging.jpg 800w, https:\/\/oydisplay.com\/wp-content\/uploads\/2025\/04\/info-The-Importance-of-Sustainable-Coffee-Packaging-300x188.jpg 300w, https:\/\/oydisplay.com\/wp-content\/uploads\/2025\/04\/info-The-Importance-of-Sustainable-Coffee-Packaging-768x480.jpg 768w\" sizes=\"auto, (max-width: 800px) 100vw, 800px\" \/><\/figure>\n\n\n\n<h2 class=\"wp-block-heading\">2. S\u00fcrd\u00fcr\u00fclebilir Kahve Paketlemenin \u00d6nemi<\/h2>\n\n\n\n<h3 class=\"wp-block-heading\">Neden S\u00fcrd\u00fcr\u00fclebilirlik Kahve End\u00fcstrisinde \u00d6nemlidir<\/h3>\n\n\n\n<p>Kahve end\u00fcstrisi, \u00e7evresel bozulmaya b\u00fcy\u00fck katk\u0131da bulunan bir sekt\u00f6rd\u00fcr. Kahve yeti\u015ftirmek i\u00e7in gereken yo\u011fun su ve enerji t\u00fcketiminden, tek kullan\u0131ml\u0131k plastik paketlemeden kaynaklanan at\u0131klara kadar, sekt\u00f6r\u00fcn karbon ayak izi b\u00fcy\u00fckt\u00fcr. \u00d6zellikle paketleme, bu etkinin \u00f6nemli bir par\u00e7as\u0131n\u0131 olu\u015fturur. Plastik torbalar ve lamine edilmi\u015f po\u015fetler gibi geleneksel paketleme y\u00f6ntemleri biyolojik olarak \u00e7\u00f6z\u00fcnmez, bu da \u00e7\u00f6pl\u00fcklere birikmeye ve do\u011fal ekosistemlerin kirlenmesine yol a\u00e7ar.<\/p>\n\n\n\n<p>S\u00fcrd\u00fcr\u00fclebilir paketleme malzemelerinin benimsenmesi sadece bir trend de\u011fil\u2014artmakta olan \u00e7evresel kayg\u0131lara kar\u015f\u0131 gerekli bir yan\u0131t\u0131d\u0131r. S\u00fcrd\u00fcr\u00fclebilirli\u011fi \u00f6n planda tutan markalar, at\u0131klar\u0131 azaltmaya ve kaynaklar\u0131 korumaya y\u00f6nelik k\u00fcresel hareketlerle uyum sa\u011flarak uzun vadeli s\u00fcrd\u00fcr\u00fclebilirliklerini g\u00fcvence alt\u0131na al\u0131r.<\/p>\n\n\n\n<h3 class=\"wp-block-heading\">T\u00fcketici Beklentileri ve \u00c7evresel Sorumluluk<\/h3>\n\n\n\n<p>T\u00fcketiciler, sat\u0131n alma kararlar\u0131yla ili\u015fkili \u00e7evresel maliyetlerin fark\u0131nda olmaya giderek daha fazla \u00f6nem veriyor. \u00c7evre bilincine sahip al\u0131c\u0131lar\u0131n artmas\u0131, kahve \u015firketlerini daha ye\u015fil uygulamalar benimsemeye zorlam\u0131\u015f veya m\u00fc\u015fteri taban\u0131n\u0131 kaybetme riskini art\u0131rm\u0131\u015ft\u0131r. \u00c7e\u015fitli ara\u015ft\u0131rmalara g\u00f6re, t\u00fcketicilerin yakla\u015f\u0131k 'i s\u00fcrd\u00fcr\u00fclebilir paketleme ile \u00fcr\u00fcnler i\u00e7in daha fazla \u00f6demeye istekli. Bu t\u00fcketici davran\u0131\u015flar\u0131ndaki de\u011fi\u015fim, kahve markalar\u0131n\u0131 hem s\u00fcrd\u00fcr\u00fclebilirli\u011fi hem de maliyet etkinli\u011fini dengeleyecek \u015fekilde paketleme stratejilerini yeniden d\u00fc\u015f\u00fcnmeye zorluyor.<\/p>\n\n\n\n<h2 class=\"wp-block-heading\">3. S\u00fcrd\u00fcr\u00fclebilir Paketlemenin Maliyet Etkileri<\/h2>\n\n\n\n<h3 class=\"wp-block-heading\">S\u00fcrd\u00fcr\u00fclebilir Malzemelere Ge\u00e7i\u015fin Ekonomik Etkisini Anlamak<\/h3>\n\n\n\n<p>S\u00fcrd\u00fcr\u00fclebilir paketleme malzemelerine ge\u00e7i\u015f kesinlikle maliyetli bir giri\u015fimdir. Biyolojik olarak \u00e7\u00f6z\u00fcnebilir malzemeler, geri d\u00f6n\u00fc\u015ft\u00fcr\u00fclebilir \u00e7\u00f6z\u00fcmler ve kompostlanabilir se\u00e7enekler genellikle geleneksel plastik ve al\u00fcminyum paketlemeye k\u0131yasla daha y\u00fcksek fiyatlarla gelir. \u0130\u015fletmeler ba\u015flang\u0131\u00e7 harcamalar\u0131nda art\u0131\u015f g\u00f6rebilir, ancak at\u0131k y\u00f6netimi maliyetlerinde azalma, olas\u0131 devlet te\u015fvikleri ve t\u00fcketicilerin s\u00fcrd\u00fcr\u00fclebilirlik i\u00e7in daha fazla \u00f6deme yapmaya istekli olmas\u0131yla \u00fcr\u00fcn fiyatlar\u0131nda art\u0131\u015f gibi avantajlar da sa\u011flayabilir.<\/p>\n\n\n\n<p>Ancak, s\u00fcrd\u00fcr\u00fclebilirli\u011fe ge\u00e7i\u015f sadece malzeme de\u011fi\u015fiklikleriyle s\u0131n\u0131rl\u0131 de\u011fildir. Yeni tedarik\u00e7ilerden kaynak sa\u011flama, \u00fcretim hatlar\u0131n\u0131 revize etme ve yeni malzemelere uygun paket tasar\u0131m\u0131 gibi lojistik d\u00fczenlemeleri de gerektirir. Bu maliyetler h\u0131zla artabilir, bu y\u00fczden bir\u00e7ok \u015firket ge\u00e7i\u015fte teredd\u00fct eder.<\/p>\n\n\n\n<figure class=\"wp-block-image size-full\"><img loading=\"lazy\" decoding=\"async\" width=\"800\" height=\"500\" src=\"https:\/\/oydisplay.com\/wp-content\/uploads\/2025\/04\/info-The-Cost-Implications-of-Sustainable-Packaging.jpg\" alt=\"bilgi - S\u00fcrd\u00fcr\u00fclebilir Ambalaj\u0131n Maliyet Etkileri\" class=\"wp-image-2395\" title=\"\" srcset=\"https:\/\/oydisplay.com\/wp-content\/uploads\/2025\/04\/info-The-Cost-Implications-of-Sustainable-Packaging.jpg 800w, https:\/\/oydisplay.com\/wp-content\/uploads\/2025\/04\/info-The-Cost-Implications-of-Sustainable-Packaging-300x188.jpg 300w, https:\/\/oydisplay.com\/wp-content\/uploads\/2025\/04\/info-The-Cost-Implications-of-Sustainable-Packaging-768x480.jpg 768w\" sizes=\"auto, (max-width: 800px) 100vw, 800px\" \/><\/figure>\n\n\n\n<h3 class=\"wp-block-heading\">Geleneksel ve \u00c7evre Dostu Paketleme Maliyetlerini Kar\u015f\u0131la\u015ft\u0131rmak<\/h3>\n\n\n\n<ul class=\"wp-block-list\">\n<li><strong>Geleneksel Paketleme<\/strong>: Daha d\u00fc\u015f\u00fck ba\u015flang\u0131\u00e7 maliyetleri, ancak bu, devam eden kullan\u0131m\u0131n \u00e7evresel ve sosyal maliyetlerini g\u00f6z ard\u0131 edebilir. Plastik at\u0131klar konusunda k\u00fcresel d\u00fczenlemeler s\u0131k\u0131la\u015ft\u0131k\u00e7a, uyumsuzluk veya at\u0131k y\u00f6netimi maliyetleri artabilir.<\/li>\n\n\n\n<li><strong>\u00c7evre Dostu Ambalajlama<\/strong>: \u0130lk yat\u0131r\u0131m daha y\u00fcksek olabilir, ancak uzun vadeli faydalar aras\u0131nda marka sadakatinin artmas\u0131, \u00e7evresel etkinin iyile\u015fmesi ve \u00f6l\u00e7ek ekonomileri devreye girdik\u00e7e ve yenilik fiyatlar\u0131 d\u00fc\u015f\u00fcrd\u00fck\u00e7e maliyet azaltma potansiyeli bulunur.<\/li>\n<\/ul>\n\n\n\n<h2 class=\"wp-block-heading\">4. S\u00fcrd\u00fcr\u00fclebilir Kahve Ambalaj Malzemeleri T\u00fcrleri<\/h2>\n\n\n\n<h3 class=\"wp-block-heading\">Biyobozunur ve Kompostlanabilir Se\u00e7enekler<\/h3>\n\n\n\n<p>Bitki bazl\u0131 plastikler ve ka\u011f\u0131t gibi malzemeler, geleneksel plastiklere g\u00f6re daha h\u0131zl\u0131 ayr\u0131\u015fabilme yetenekleri nedeniyle pop\u00fclerlik kazan\u0131yor. Kontroll\u00fc ortamlarda ayr\u0131\u015fmak \u00fczere tasarlanm\u0131\u015f kompostlanabilir ambalaj, di\u011fer \u00f6nemli bir se\u00e7enektir. Bu malzemeler, i\u015fletmelerin \u00e7\u00f6pl\u00fck alanlar\u0131na olan ba\u011f\u0131ml\u0131l\u0131klar\u0131n\u0131 azaltmalar\u0131na ve at\u0131k d\u00f6ng\u00fcs\u00fcn\u00fc kapatmaya yard\u0131mc\u0131 olarak \u00fcr\u00fcnlerin do\u011faya geri d\u00f6nebilmesini sa\u011flar.<\/p>\n\n\n\n<h3 class=\"wp-block-heading\">Geri D\u00f6n\u00fc\u015ft\u00fcr\u00fclebilir Ambalaj \u00c7\u00f6z\u00fcmleri<\/h3>\n\n\n\n<p>Geri d\u00f6n\u00fc\u015ft\u00fcr\u00fclebilirlik, s\u00fcrd\u00fcr\u00fclebilir ambalaj\u0131n en \u00e7ok aranan \u00f6zelliklerinden biridir. Cam, al\u00fcminyum ve baz\u0131 plastikler gibi malzemeler bir\u00e7ok kez geri d\u00f6n\u00fc\u015ft\u00fcr\u00fclebilir, b\u00f6ylece ham madde ihtiyac\u0131n\u0131 azalt\u0131r. Ancak, \u00e7ok katmanl\u0131 veya geri d\u00f6n\u00fc\u015ft\u00fcr\u00fclmeyen maddelerle kaplanm\u0131\u015f baz\u0131 kahve ambalaj malzemelerinin geri d\u00f6n\u00fc\u015ft\u00fcr\u00fclmesi konusunda zorluklar devam etmektedir.<\/p>\n\n\n\n<h3 class=\"wp-block-heading\">Yenilebilir ve Bitki Bazl\u0131 Ambalajlarda Yenilikler<\/h3>\n\n\n\n<p>Yenilebilir ve bitki bazl\u0131 ambalajlardaki geli\u015fen teknolojiler, kahve end\u00fcstrisini devrim niteli\u011finde de\u011fi\u015ftirme potansiyeline sahiptir. \u015eirketler, deniz yosunu, pirin\u00e7 kabuklar\u0131 ve alg gibi malzemeleri kullanarak hem kompostlanabilir hem de yenilebilir ambalajlar yaratmay\u0131 ara\u015ft\u0131r\u0131yor. Bu yenilik\u00e7i malzemeler at\u0131\u011f\u0131 azalt\u0131r ve \u00e7evre bilincine sahip t\u00fcketicilere benzersiz bir sat\u0131\u015f noktas\u0131 sa\u011flar.<\/p>\n\n\n\n<figure class=\"wp-block-image size-full\"><img loading=\"lazy\" decoding=\"async\" width=\"800\" height=\"500\" src=\"https:\/\/oydisplay.com\/wp-content\/uploads\/2025\/04\/info-Types-of-Sustainable-Coffee-Packaging-Materials.jpg\" alt=\"bilgi - S\u00fcrd\u00fcr\u00fclebilir Kahve Ambalaj\u0131 Malzemeleri T\u00fcrleri\" class=\"wp-image-2393\" title=\"\" srcset=\"https:\/\/oydisplay.com\/wp-content\/uploads\/2025\/04\/info-Types-of-Sustainable-Coffee-Packaging-Materials.jpg 800w, https:\/\/oydisplay.com\/wp-content\/uploads\/2025\/04\/info-Types-of-Sustainable-Coffee-Packaging-Materials-300x188.jpg 300w, https:\/\/oydisplay.com\/wp-content\/uploads\/2025\/04\/info-Types-of-Sustainable-Coffee-Packaging-Materials-768x480.jpg 768w\" sizes=\"auto, (max-width: 800px) 100vw, 800px\" \/><\/figure>\n\n\n\n<h2 class=\"wp-block-heading\">5. Do\u011fru Dengeyi Bulmak: Maliyet ve S\u00fcrd\u00fcr\u00fclebilirlik<\/h2>\n\n\n\n<h3 class=\"wp-block-heading\">S\u00fcrd\u00fcr\u00fclebilir ambalaj\u0131n Uzun Vadeli Tasarruflar\u0131n\u0131 Nas\u0131l De\u011ferlendirilir<\/h3>\n\n\n\n<p>S\u00fcrd\u00fcr\u00fclebilir ambalaja ge\u00e7mek, uzun vadeli finansal faydalar\u0131n dikkatli de\u011ferlendirilmesini gerektirir. Ba\u015flang\u0131\u00e7 maliyetleri y\u00fcksek g\u00f6r\u00fcnse de, markalar at\u0131k bertaraf\u0131, enerji t\u00fcketimi ve \u00fcr\u00fcn b\u00fct\u00fcnl\u00fc\u011f\u00fc gibi alanlarda uzun vadeli tasarruf potansiyelini de\u011ferlendirmelidir. \u00d6rne\u011fin, nem ve hava ge\u00e7irmez biyobozunur malzemeler, kahvenin raf \u00f6mr\u00fcn\u00fc uzatabilir, bozulma ve at\u0131\u011f\u0131 azaltabilir.<\/p>\n\n\n\n<h3 class=\"wp-block-heading\">\u0130lk Yat\u0131r\u0131m ile Gelecekteki \u00c7evresel Faydalar\u0131 Tartmak<\/h3>\n\n\n\n<p>S\u00fcrd\u00fcr\u00fclebilir ambalaj\u0131n ekonomisini d\u00fc\u015f\u00fcn\u00fcrken uzun vadeli bir bak\u0131\u015f a\u00e7\u0131s\u0131 \u00e7ok \u00f6nemlidir. Ge\u00e7i\u015f, yeni malzemeler, \u00fcretim y\u00f6ntemleri ve yeniden tasar\u0131mda \u00f6n maliyetler gerektirse de, karbon emisyonlar\u0131n\u0131n azalt\u0131lmas\u0131, \u00e7\u00f6pl\u00fck at\u0131klar\u0131n\u0131n azalmas\u0131 ve plastik bazl\u0131 \u00fcr\u00fcnlerin azalt\u0131lmas\u0131 gibi \u00e7evresel faydalar zamanla \u00f6nemli getiriler sa\u011flar.<\/p>\n\n\n\n<h2 class=\"wp-block-heading\">6. Vaka \u00c7al\u0131\u015fmalar\u0131: Maliyet ve S\u00fcrd\u00fcr\u00fclebilirli\u011fi Ba\u015far\u0131yla Dengeleyen Markalar<\/h2>\n\n\n\n<h3 class=\"wp-block-heading\">\u00d6nc\u00fc Kahve Markas\u0131 \u00d6rnekleri<\/h3>\n\n\n\n<ul class=\"wp-block-list\">\n<li><strong>Lavazza:<\/strong> \u0130talyan kahve markas\u0131, tamamen geri d\u00f6n\u00fc\u015ft\u00fcr\u00fclebilir ka\u011f\u0131t ve di\u011fer \u00e7evre dostu malzemelerden yap\u0131lm\u0131\u015f kahve torbas\u0131na ge\u00e7ti. Geri d\u00f6n\u00fc\u015ft\u00fcr\u00fclebilir ambalaja yat\u0131r\u0131m yaparak, Lavazza kahve end\u00fcstrisinde s\u00fcrd\u00fcr\u00fclebilirlik lideri konumuna geldi ve hem \u00e7evre bilincine sahip t\u00fcketicilere hem de y\u00fcksek kaliteli kahve arayanlara hitap etti.<\/li>\n\n\n\n<li><strong>Peet\u2019s Coffee:<\/strong> Peet\u2019s, bitki bazl\u0131 malzemelerden yap\u0131lm\u0131\u015f kompostlanabilir kahve torbalar\u0131n\u0131 benimsemi\u015ftir. S\u00fcrd\u00fcr\u00fclebilir ambalajlara \u00f6ncelik vererek, sadece \u00e7evresel ayak izlerini azaltmakla kalmad\u0131, ayn\u0131 zamanda sat\u0131n alma kararlar\u0131nda s\u00fcrd\u00fcr\u00fclebilirli\u011fi \u00f6n planda tutan artan m\u00fc\u015fteri segmentine de hitap etti.<\/li>\n<\/ul>\n\n\n\n<h3 class=\"wp-block-heading\">S\u00fcrd\u00fcr\u00fclebilir Ambalaj Giri\u015fimlerinden \u00d6\u011frenilen Dersler<\/h3>\n\n\n\n<ul class=\"wp-block-list\">\n<li><strong>Etkili \u0130leti\u015fim:<\/strong> Markalar s\u00fcrd\u00fcr\u00fclebilirlik \u00e7abalar\u0131n\u0131 a\u00e7\u0131k\u00e7a iletmelidir. Ambalaj tedariki, malzeme se\u00e7imleri ve kullan\u0131m \u00f6mr\u00fc sonunda at\u0131k y\u00f6netimi konusunda \u015feffafl\u0131k, t\u00fcketici g\u00fcveni olu\u015fturman\u0131n anahtar\u0131d\u0131r.<\/li>\n\n\n\n<li><strong>Tedarik\u00e7i \u0130li\u015fkileri:<\/strong> Tedarik\u00e7ilerle yak\u0131n \u00e7al\u0131\u015fmak yeni ambalaj inovasyonlar\u0131n\u0131 ve maliyet tasarrufu f\u0131rsatlar\u0131n\u0131 ortaya \u00e7\u0131karabilir. Tedarik ve \u00fcretim konusunda i\u015fbirli\u011fi yaparak markalar maliyetleri daha iyi kontrol edebilir ve s\u00fcrd\u00fcr\u00fclebilirlik hedeflerini koruyabilir.<\/li>\n<\/ul>\n\n\n\n<h2 class=\"wp-block-heading\">7. S\u00fcrd\u00fcr\u00fclebilir Ambalajda Yayg\u0131n Kar\u015f\u0131la\u015f\u0131lan Zorluklar\u0131n A\u015f\u0131lmas\u0131<\/h2>\n\n\n\n<h3 class=\"wp-block-heading\">Tedarik Zinciri Sorunlar\u0131 ve Malzeme Tedariki:<\/h3>\n\n\n\n<p>S\u00fcrd\u00fcr\u00fclebilir malzemelerin tedariki \u00f6zellikle b\u00fcy\u00fck \u015firketlerin sat\u0131n alma g\u00fcc\u00fcne sahip olmayan k\u00fc\u00e7\u00fck i\u015fletmeler i\u00e7in zor olabilir. Ekolojik dostu malzemelerin s\u0131n\u0131rl\u0131 bulunabilirli\u011fi veya fiyat dalgalanmalar\u0131 gibi tedarik zinciri sorunlar\u0131, markan\u0131n s\u00fcrd\u00fcr\u00fclebilir ambalaj\u0131 b\u00fcy\u00fck \u00f6l\u00e7ekte benimsemesini engelleyebilir.<\/p>\n\n\n\n<h3 class=\"wp-block-heading\">Kalite ve \u00c7evre Dostu Olma Dengesini Kurmak:<\/h3>\n\n\n\n<p>\u00c7evre dostu malzemeler, geleneksel muadillerine g\u00f6re ayn\u0131 kalite ve performans\u0131 korumal\u0131d\u0131r. Kahve markalar\u0131 i\u00e7in bu, ambalaj\u0131n \u00e7ekirdekleri \u0131\u015f\u0131k, hava ve nemden korurken tazeli\u011fi muhafaza etmesini sa\u011flar. Bu alanlarda ba\u015far\u0131s\u0131z olan ambalajlar \u00fcr\u00fcn\u00fcn kalitesini tehlikeye atabilir ve m\u00fc\u015fteri memnuniyetini olumsuz etkileyebilir.<\/p>\n\n\n\n<h3 class=\"wp-block-heading\">Fiyat Art\u0131\u015flar\u0131na T\u00fcketici Alg\u0131s\u0131n\u0131 Y\u00f6netmek:<\/h3>\n\n\n\n<p>\u00c7evre dostu ambalaj, gelece\u011fe yat\u0131r\u0131m olsa da fiyat art\u0131\u015f\u0131na neden olabilir. Markalar, s\u00fcrd\u00fcr\u00fclebilir ambalaj\u0131n de\u011ferini ve gelecek nesiller i\u00e7in \u00e7evreyi koruma rol\u00fcn\u00fc a\u00e7\u0131k\u00e7a a\u00e7\u0131klayarak t\u00fcketici alg\u0131lar\u0131n\u0131 y\u00f6netmelidir.<\/p>\n\n\n\n<h2 class=\"wp-block-heading\">8. Kahve Ambalaj S\u00fcrd\u00fcr\u00fclebilirli\u011finde Gelecek Trendler<\/h2>\n\n\n\n<h3 class=\"wp-block-heading\">\u0130novasyonlar\u0131n Maliyetleri Nas\u0131l D\u00fc\u015f\u00fcrece\u011fi:<\/h3>\n\n\n\n<p>S\u00fcrd\u00fcr\u00fclebilir kahve ambalaj\u0131n\u0131n gelece\u011fi, hem malzeme hem de \u00fcretim maliyetlerini azaltan teknolojik geli\u015fmelerde yatmaktad\u0131r. Biyobozunur kaplamalar, geri d\u00f6n\u00fc\u015ft\u00fcr\u00fclebilir malzemeler ve dijital bask\u0131daki yenilikler fiyatlar\u0131 d\u00fc\u015f\u00fcrerek s\u00fcrd\u00fcr\u00fclebilir ambalaj\u0131 daha eri\u015filebilir hale getirebilir.<\/p>\n\n\n\n<h3 class=\"wp-block-heading\">Politika ve Reg\u00fclasyonlar\u0131n Ambalaj Se\u00e7imlerini \u015eekillendirmedeki Rol\u00fc:<\/h3>\n\n\n\n<p>D\u00fcnyan\u0131n d\u00f6rt bir yan\u0131ndaki h\u00fck\u00fcmetler, tek kullan\u0131ml\u0131k plastikleri yasaklayan ve geri d\u00f6n\u00fc\u015ft\u00fcr\u00fclebilir malzemeler gerektiren daha kat\u0131 ambalaj d\u00fczenlemeleri getiriyor. Bu d\u00fczenleyici de\u011fi\u015fikliklerin \u00f6n\u00fcnde olmak, markalar\u0131n para cezas\u0131 almaktan ka\u00e7\u0131nmas\u0131na yard\u0131mc\u0131 olman\u0131n yan\u0131 s\u0131ra s\u00fcrd\u00fcr\u00fclebilirlikte lider konumuna gelmelerini sa\u011flayabilir.<\/p>\n\n\n\n<h2 class=\"wp-block-heading\">9. Kahve Markalar\u0131n\u0131n S\u00fcrd\u00fcr\u00fclebilir Ambalaja Ge\u00e7i\u015f \u0130\u00e7in Atmas\u0131 Gereken Ad\u0131mlar<\/h2>\n\n\n\n<h3 class=\"wp-block-heading\">Ambalaj Denetimi Yapmak: Geli\u015ftirilmesi Gereken Alanlar\u0131 Belirlemek:<\/h3>\n\n\n\n<p>Ge\u00e7i\u015f yapmak isteyen kahve markalar\u0131, mevcut ambalajlar\u0131n\u0131 de\u011ferlendirmeye ba\u015flamal\u0131d\u0131r. Bir ambalaj denetimi, daha s\u00fcrd\u00fcr\u00fclebilir se\u00e7eneklerle de\u011fi\u015ftirilebilecek malzemeleri belirlemeye ve mevcut uygulamalar\u0131n genel \u00e7evresel etkisini de\u011ferlendirmeye yard\u0131mc\u0131 olabilir.<\/p>\n\n\n\n<h3 class=\"wp-block-heading\">Tedarik\u00e7ilerle S\u00fcrd\u00fcr\u00fclebilir Malzemeler Kaynaklamak \u0130\u00e7in \u00c7al\u0131\u015fmak<\/h3>\n\n\n\n<p>S\u00fcrd\u00fcr\u00fclebilir ambalajlama konusunda uzman tedarik\u00e7ilerle g\u00fc\u00e7l\u00fc ili\u015fkiler kurmak markalar\u0131n uygun fiyatl\u0131 ve y\u00fcksek kaliteli malzemeler temin etmesine yard\u0131mc\u0131 olabilir. \u0130\u015fbirli\u011fi, hem \u00e7evresel hedeflere hem de b\u00fct\u00e7e k\u0131s\u0131tlamalar\u0131na uygun \u00e7\u00f6z\u00fcmler belirlemek i\u00e7in esast\u0131r.<\/p>\n\n\n\n<h3 class=\"wp-block-heading\">T\u00fcketicilere \u00c7evre Dostu Ambalajlaman\u0131n De\u011feri Hakk\u0131nda E\u011fitim Vermek<\/h3>\n\n\n\n<p>Kahve markalar\u0131, s\u00fcrd\u00fcr\u00fclebilir ambalajlaman\u0131n \u00f6nemini t\u00fcketicilere anlatmak i\u00e7in yat\u0131r\u0131m yapmal\u0131d\u0131r. Bu, pazarlama kampanyalar\u0131, \u00fcr\u00fcn etiketleri ve ambalaj se\u00e7imlerinin \u00e7evresel etkisini vurgulayan e\u011fitim i\u00e7erikleri arac\u0131l\u0131\u011f\u0131yla yap\u0131labilir.<\/p>\n\n\n\n<h2 class=\"wp-block-heading\">10. Sonu\u00e7<\/h2>\n\n\n\n<h3 class=\"wp-block-heading\">Gelecek \u0130\u00e7in S\u00fcrd\u00fcr\u00fclebilir Kahve Ambalajlama Yolculu\u011fu<\/h3>\n\n\n\n<p>S\u00fcrd\u00fcr\u00fclebilirlik hem t\u00fcketiciler hem de markalar i\u00e7in bir zorunluluk haline gelirken, ilerlemenin yolu a\u00e7\u0131kt\u0131r. Maliyet fakt\u00f6rlerini dikkatlice dengeleyerek ve \u00e7evre dostu ambalajlaman\u0131n uzun vadeli faydalar\u0131n\u0131 g\u00f6z \u00f6n\u00fcnde bulundurarak, kahve markalar\u0131 kalite veya t\u00fcketici g\u00fcveninden \u00f6d\u00fcn vermeden daha ye\u015fil bir gelece\u011fe katk\u0131da bulunabilir.<\/p>\n\n\n\n<h3 class=\"wp-block-heading\">Daha Ye\u015fil Bir Kahve Deneyimi \u0130\u00e7in End\u00fcstri Genelinde De\u011fi\u015fimi Te\u015fvik Etmek<\/h3>\n\n\n\n<p>Kahve sekt\u00f6r\u00fc bir d\u00f6n\u00fcm noktas\u0131nda. Ger\u00e7ek anlamda s\u00fcrd\u00fcr\u00fclebilir bir gelecek yaratmak i\u00e7in markalar, tedarik\u00e7iler ve t\u00fcketiciler birlikte \u00e7al\u0131\u015fmal\u0131d\u0131r. S\u00fcrd\u00fcr\u00fclebilir uygulamalar\u0131n kolektif benimsenmesi, at\u0131k ve karbon emisyonlar\u0131n\u0131 azaltmakla kalmay\u0131p, ayn\u0131 zamanda daha diren\u00e7li ve \u00e7evre bilincine sahip bir kahve end\u00fcstrisine katk\u0131da bulunacakt\u0131r.<\/p>\n\n\n\n<h2 class=\"wp-block-heading\">S\u0131k\u00e7a Sorulan Sorular<\/h2>\n\n\n<div id=\"rank-math-faq\" class=\"rank-math-block\">\n<div class=\"rank-math-list\">\n<div id=\"faq-question-1744881486829\" class=\"rank-math-list-item\">\n<h3 class=\"rank-math-question\">Kahve ambalaj\u0131nda maliyet ve s\u00fcrd\u00fcr\u00fclebilirli\u011fin dengelenmesi neden \u00f6nemlidir?<\/h3>\n<div class=\"rank-math-answer\">\n\n<p>Maliyet ve s\u00fcrd\u00fcr\u00fclebilirli\u011fin dengelenmesi, kahve markalar\u0131n\u0131n artan t\u00fcketici talebini \u00e7evre dostu \u00fcr\u00fcnlerle kar\u015f\u0131lamas\u0131 ve karl\u0131l\u0131\u011f\u0131 korumas\u0131 i\u00e7in \u00e7ok \u00f6nemlidir. S\u00fcrd\u00fcr\u00fclebilir ambalajlama marka itibar\u0131n\u0131 art\u0131rabilir, ancak genellikle ba\u015flang\u0131\u00e7 maliyetleri daha y\u00fcksek olup dikkatli y\u00f6netilmelidir.<\/p>\n\n<\/div>\n<\/div>\n<div id=\"faq-question-1744881519906\" class=\"rank-math-list-item\">\n<h3 class=\"rank-math-question\">Kahve i\u00e7in en maliyet etkin s\u00fcrd\u00fcr\u00fclebilir ambalaj se\u00e7enekleri nelerdir?<\/h3>\n<div class=\"rank-math-answer\">\n\n<p>En maliyet etkin s\u00fcrd\u00fcr\u00fclebilir ambalaj se\u00e7enekleri aras\u0131nda geri d\u00f6n\u00fc\u015ft\u00fcr\u00fclebilir malzemeler olan ka\u011f\u0131t, al\u00fcminyum ve biyobozunur plastikler bulunur. Bu malzemeler \u00e7evresel etki ile maliyet aras\u0131nda bir denge sa\u011flar, ancak \u00fcretim \u00f6l\u00e7eklendik\u00e7e toplam tasarruflar artabilir.<\/p>\n\n<\/div>\n<\/div>\n<div id=\"faq-question-1744881538265\" class=\"rank-math-list-item\">\n<h3 class=\"rank-math-question\">Kahve markalar\u0131 s\u00fcrd\u00fcr\u00fclebilir ambalajlara ge\u00e7i\u015fin uzun vadeli maliyet tasarruflar\u0131n\u0131 nas\u0131l \u00f6l\u00e7ebilir?<\/h3>\n<div class=\"rank-math-answer\">\n\n<p>Uzun vadeli maliyet tasarruflar\u0131, at\u0131k bertaraf maliyetlerinin azalmas\u0131, s\u00fcrd\u00fcr\u00fclebilir uygulamalar i\u00e7in olas\u0131 vergi te\u015fvikleri ve \u00e7evre bilincine sahip t\u00fcketicilerden al\u0131nan sadakat de\u011ferleriyle \u00f6l\u00e7\u00fclebilir. Ayr\u0131ca, s\u00fcrd\u00fcr\u00fclebilir ambalaj kullan\u0131m\u0131yla raf \u00f6mr\u00fcn\u00fcn uzamas\u0131, \u00fcr\u00fcn bozulmas\u0131 ve kay\u0131plar\u0131n\u0131 azaltabilir.<\/p>\n\n<\/div>\n<\/div>\n<div id=\"faq-question-1744881549809\" class=\"rank-math-list-item\">\n<h3 class=\"rank-math-question\">S\u00fcrd\u00fcr\u00fclebilir kahve ambalaj malzemeleri geleneksel ambalajlardan daha m\u0131 pahal\u0131d\u0131r?<\/h3>\n<div class=\"rank-math-answer\">\n\n<p>Evet, biyobozunur plastikler veya kompostlanabilir torbalar gibi bir\u00e7ok s\u00fcrd\u00fcr\u00fclebilir ambalaj malzemesi, geleneksel plastik veya folyo ambalajlara k\u0131yasla daha y\u00fcksek ba\u015flang\u0131\u00e7 maliyetleriyle gelir. Ancak, t\u00fcketicilerin premium \u00f6demeye istekli olmas\u0131 ve gelecekte maliyetlerin d\u00fc\u015fmesiyle finansal etkiler zamanla azalt\u0131labilir.<\/p>\n\n<\/div>\n<\/div>\n<div id=\"faq-question-1744881562473\" class=\"rank-math-list-item\">\n<h3 class=\"rank-math-question\">T\u00fcketici tercihleri kahve ambalaj maliyetlerini nas\u0131l etkiler?<\/h3>\n<div class=\"rank-math-answer\">\n\n<p>T\u00fcketicilerin \u00e7evre dostu ambalajlara olan tercihleri, s\u00fcrd\u00fcr\u00fclebilir malzemelere olan talebi art\u0131r\u0131r ve bu da ambalaj maliyetlerini y\u00fckseltebilir. Ancak, bu talep ayn\u0131 zamanda daha fazla \u015firketin bu \u00e7\u00f6z\u00fcmleri benimsemesiyle \u00f6l\u00e7ek ekonomilerinin b\u00fcy\u00fcmesine ve maliyetlerin zamanla d\u00fc\u015fmesine yol a\u00e7abilir.<\/p>\n\n<\/div>\n<\/div>\n<div id=\"faq-question-1744881574234\" class=\"rank-math-list-item\">\n<h3 class=\"rank-math-question\">D\u00fczenlemeler, kahve ambalaj\u0131nda maliyet ve s\u00fcrd\u00fcr\u00fclebilirli\u011fi dengelemek konusunda nas\u0131l bir rol oynar?<\/h3>\n<div class=\"rank-math-answer\">\n\n<p>D\u00fczenlemeler giderek ambalaj gereksinimlerini belirliyor, \u00f6rne\u011fin tek kullan\u0131ml\u0131k plastiklerin yasaklanmas\u0131 veya geri d\u00f6n\u00fc\u015ft\u00fcr\u00fclebilirlik zorunluluklar\u0131 gibi. Bu d\u00fczenlemeler, \u015firketleri daha s\u00fcrd\u00fcr\u00fclebilir ambalaj \u00e7\u00f6z\u00fcmleri benimsemeye zorlayabilir, bu da k\u0131sa vadeli maliyetleri art\u0131rabilir ancak uyumu sa\u011flar ve gelecekteki cezalar\u0131 azalt\u0131r.<\/p>\n\n<\/div>\n<\/div>\n<div id=\"faq-question-1744881585617\" class=\"rank-math-list-item\">\n<h3 class=\"rank-math-question\">Kahve markalar\u0131 s\u00fcrd\u00fcr\u00fclebilir ambalajlar\u0131n daha y\u00fcksek maliyetlerini nas\u0131l telafi edebilir?<\/h3>\n<div class=\"rank-math-answer\">\n\n<p>Kahve markalar\u0131, \u00f6zellikle s\u00fcrd\u00fcr\u00fclebilirli\u011fe de\u011fer veren pazarlarda \u00fcr\u00fcn fiyatlar\u0131n\u0131 art\u0131rarak maliyetleri dengeleyebilir. Ayr\u0131ca, toplu al\u0131m, uzun vadeli tedarik\u00e7i anla\u015fmalar\u0131 ve geri d\u00f6n\u00fc\u015f\u00fcm programlar\u0131yla zaman i\u00e7inde malzeme maliyetlerini azaltabilirler.<\/p>\n\n<\/div>\n<\/div>\n<div id=\"faq-question-1744881597881\" class=\"rank-math-list-item\">\n<h3 class=\"rank-math-question\">S\u00fcrd\u00fcr\u00fclebilirli\u011fi korurken maliyetleri azaltmay\u0131 hedefleyen kahve ambalaj\u0131nda beklenen yenilikler nelerdir?<\/h3>\n<div class=\"rank-math-answer\">\n\n<p>Bitki bazl\u0131 ambalaj, yenilebilir ambalaj ve geli\u015fmi\u015f geri d\u00f6n\u00fc\u015f\u00fcm teknolojileri gibi yeniliklerin gelecekte maliyetleri d\u00fc\u015f\u00fcrmesi bekleniyor. Bu teknolojiler olgunla\u015ft\u0131k\u00e7a ve \u00f6l\u00e7eklendik\u00e7e, kahve markalar\u0131na daha uygun fiyatl\u0131 se\u00e7enekler sunarken s\u00fcrd\u00fcr\u00fclebilirli\u011fe g\u00fc\u00e7l\u00fc bir ba\u011fl\u0131l\u0131k sa\u011flayacaklar.<\/p>\n\n<\/div>\n<\/div>\n<\/div>\n<\/div>","protected":false},"excerpt":{"rendered":"<p>1. Introduction The Growing Demand for Sustainable Coffee Packaging In recent years, consumer demand for sustainability has reached unprecedented levels. Coffee, as one of the world\u2019s most consumed beverages, has inevitably become a focal point in the shift toward more eco-conscious products. From packaging waste to carbon emissions, the environmental impact of coffee production and [&hellip;]<\/p>\n","protected":false},"author":1,"featured_media":2394,"comment_status":"closed","ping_status":"closed","sticky":false,"template":"","format":"standard","meta":{"_acf_changed":false,"footnotes":""},"categories":[17],"tags":[],"class_list":["post-2389","post","type-post","status-publish","format-standard","has-post-thumbnail","hentry","category-coffee-shop"],"acf":[],"_links":{"self":[{"href":"https:\/\/oydisplay.com\/tr\/wp-json\/wp\/v2\/posts\/2389","targetHints":{"allow":["GET"]}}],"collection":[{"href":"https:\/\/oydisplay.com\/tr\/wp-json\/wp\/v2\/posts"}],"about":[{"href":"https:\/\/oydisplay.com\/tr\/wp-json\/wp\/v2\/types\/post"}],"author":[{"embeddable":true,"href":"https:\/\/oydisplay.com\/tr\/wp-json\/wp\/v2\/users\/1"}],"replies":[{"embeddable":true,"href":"https:\/\/oydisplay.com\/tr\/wp-json\/wp\/v2\/comments?post=2389"}],"version-history":[{"count":3,"href":"https:\/\/oydisplay.com\/tr\/wp-json\/wp\/v2\/posts\/2389\/revisions"}],"predecessor-version":[{"id":2398,"href":"https:\/\/oydisplay.com\/tr\/wp-json\/wp\/v2\/posts\/2389\/revisions\/2398"}],"wp:featuredmedia":[{"embeddable":true,"href":"https:\/\/oydisplay.com\/tr\/wp-json\/wp\/v2\/media\/2394"}],"wp:attachment":[{"href":"https:\/\/oydisplay.com\/tr\/wp-json\/wp\/v2\/media?parent=2389"}],"wp:term":[{"taxonomy":"category","embeddable":true,"href":"https:\/\/oydisplay.com\/tr\/wp-json\/wp\/v2\/categories?post=2389"},{"taxonomy":"post_tag","embeddable":true,"href":"https:\/\/oydisplay.com\/tr\/wp-json\/wp\/v2\/tags?post=2389"}],"curies":[{"name":"wp","href":"https:\/\/api.w.org\/{rel}","templated":true}]}}